{"id":1547,"date":"2021-09-04T13:26:57","date_gmt":"2021-09-04T11:26:57","guid":{"rendered":"\/content\/?p=1547"},"modified":"2021-09-04T13:27:48","modified_gmt":"2021-09-04T11:27:48","slug":"tag-der-blasmusik-4","status":"publish","type":"post","link":"\/content\/tag-der-blasmusik-4\/","title":{"rendered":"Tag der Blasmusik"},"content":{"rendered":"\n<p>Am Samstag den 11.09.2021 um 16 Uhr findet heuer unser TAG DER BLASMUSIK statt! Wir haben uns entschlossen das Fest wieder am Festplatz zu veranstalten da die Gegebenheiten da am besten sind!<\/p>\n\n\n\n<p>Wir d\u00fcrfen auch mit Kaffee, Kuchen, Brote und Getr\u00e4nke verw\u00f6hnen und zum gem\u00fctlichen beisammen sein einladen!&nbsp;<\/p>\n\n\n\n<p>Wir freuen uns auf zahlreichen Besuch!<\/p>\n\n\n\n<p>Bei Schlechtwetter findet der Tag der Blasmusik am 12.09.2021 um 16 Uhr statt!<\/p>\n\n\n\n<figure class=\"wp-block-image size-large\"><a href=\"\/content\/wp-content\/uploads\/2021\/09\/T.d.BLM-2021.jpg\"><img loading=\"lazy\" decoding=\"async\" width=\"745\" height=\"1024\" src=\"\/content\/wp-content\/uploads\/2021\/09\/T.d.BLM-2021-745x1024.jpg\" alt=\"\" class=\"wp-image-1549\" srcset=\"\/content\/wp-content\/uploads\/2021\/09\/T.d.BLM-2021-745x1024.jpg 745w, \/content\/wp-content\/uploads\/2021\/09\/T.d.BLM-2021-218x300.jpg 218w, \/content\/wp-content\/uploads\/2021\/09\/T.d.BLM-2021-768x1056.jpg 768w, \/content\/wp-content\/uploads\/2021\/09\/T.d.BLM-2021-1117x1536.jpg 1117w, \/content\/wp-content\/uploads\/2021\/09\/T.d.BLM-2021-1489x2048.jpg 1489w, \/content\/wp-content\/uploads\/2021\/09\/T.d.BLM-2021-1080x1485.jpg 1080w, \/content\/wp-content\/uploads\/2021\/09\/T.d.BLM-2021-1280x1760.jpg 1280w, \/content\/wp-content\/uploads\/2021\/09\/T.d.BLM-2021-980x1348.jpg 980w, \/content\/wp-content\/uploads\/2021\/09\/T.d.BLM-2021-480x660.jpg 480w, \/content\/wp-content\/uploads\/2021\/09\/T.d.BLM-2021.jpg 1700w\" sizes=\"(max-width: 745px) 100vw, 745px\" \/><\/a><\/figure>\n","protected":false},"excerpt":{"rendered":"<p>Am Samstag den 11.09.2021 um 16 Uhr findet heuer unser TAG DER BLASMUSIK statt! Wir haben uns entschlossen das Fest wieder am Festplatz zu veranstalten da die Gegebenheiten da am besten sind! Wir d\u00fcrfen auch mit Kaffee, Kuchen, Brote und Getr\u00e4nke verw\u00f6hnen und zum gem\u00fctlichen beisammen sein einladen!&nbsp; Wir freuen uns auf zahlreichen Besuch! Bei [&hellip;]<\/p>\n","protected":false},"author":5,"featured_media":1549,"comment_status":"closed","ping_status":"closed","sticky":false,"template":"","format":"standard","meta":{"_et_pb_use_builder":"","_et_pb_old_content":"","_et_gb_content_width":"","footnotes":""},"categories":[3],"tags":[],"class_list":["post-1547","post","type-post","status-publish","format-standard","has-post-thumbnail","hentry","category-news"],"_links":{"self":[{"href":"\/content\/wp-json\/wp\/v2\/posts\/1547","targetHints":{"allow":["GET"]}}],"collection":[{"href":"\/content\/wp-json\/wp\/v2\/posts"}],"about":[{"href":"\/content\/wp-json\/wp\/v2\/types\/post"}],"author":[{"embeddable":true,"href":"\/content\/wp-json\/wp\/v2\/users\/5"}],"replies":[{"embeddable":true,"href":"\/content\/wp-json\/wp\/v2\/comments?post=1547"}],"version-history":[{"count":1,"href":"\/content\/wp-json\/wp\/v2\/posts\/1547\/revisions"}],"predecessor-version":[{"id":1552,"href":"\/content\/wp-json\/wp\/v2\/posts\/1547\/revisions\/1552"}],"wp:featuredmedia":[{"embeddable":true,"href":"\/content\/wp-json\/wp\/v2\/media\/1549"}],"wp:attachment":[{"href":"\/content\/wp-json\/wp\/v2\/media?parent=1547"}],"wp:term":[{"taxonomy":"category","embeddable":true,"href":"\/content\/wp-json\/wp\/v2\/categories?post=1547"},{"taxonomy":"post_tag","embeddable":true,"href":"\/content\/wp-json\/wp\/v2\/tags?post=1547"}],"curies":[{"name":"wp","href":"https:\/\/api.w.org\/{rel}","templated":true}]}}