{"id":1690,"date":"2022-08-27T12:54:57","date_gmt":"2022-08-27T10:54:57","guid":{"rendered":"\/content\/?p=1690"},"modified":"2022-08-27T12:54:58","modified_gmt":"2022-08-27T10:54:58","slug":"ff-fest-prottes","status":"publish","type":"post","link":"\/content\/ff-fest-prottes\/","title":{"rendered":"FF Fest Prottes"},"content":{"rendered":"\n<p>Am 15.08.2022 fand das traditionelle Feuerwehrfest der FF Prottes statt. Wir durften die Messe mit einem Quartett und den Fr\u00fchschoppen musikalisch umrahmen und konnten bei den G\u00e4sten gute Stimmung erzeugen! Danke an die FF Prottes f\u00fcr das gelungene Fest!!<\/p>\n\n\n\n<figure class=\"wp-block-image size-large\"><a href=\"\/content\/wp-content\/uploads\/2022\/08\/WhatsApp-Image-2022-08-16-at-06.44.06.jpeg\"><img loading=\"lazy\" decoding=\"async\" width=\"1024\" height=\"768\" src=\"\/content\/wp-content\/uploads\/2022\/08\/WhatsApp-Image-2022-08-16-at-06.44.06-1024x768.jpeg\" alt=\"\" class=\"wp-image-1691\" srcset=\"\/content\/wp-content\/uploads\/2022\/08\/WhatsApp-Image-2022-08-16-at-06.44.06-1024x768.jpeg 1024w, \/content\/wp-content\/uploads\/2022\/08\/WhatsApp-Image-2022-08-16-at-06.44.06-300x225.jpeg 300w, \/content\/wp-content\/uploads\/2022\/08\/WhatsApp-Image-2022-08-16-at-06.44.06-768x576.jpeg 768w, \/content\/wp-content\/uploads\/2022\/08\/WhatsApp-Image-2022-08-16-at-06.44.06-1536x1152.jpeg 1536w, \/content\/wp-content\/uploads\/2022\/08\/WhatsApp-Image-2022-08-16-at-06.44.06-510x382.jpeg 510w, \/content\/wp-content\/uploads\/2022\/08\/WhatsApp-Image-2022-08-16-at-06.44.06-1080x810.jpeg 1080w, \/content\/wp-content\/uploads\/2022\/08\/WhatsApp-Image-2022-08-16-at-06.44.06-1280x960.jpeg 1280w, \/content\/wp-content\/uploads\/2022\/08\/WhatsApp-Image-2022-08-16-at-06.44.06-980x735.jpeg 980w, \/content\/wp-content\/uploads\/2022\/08\/WhatsApp-Image-2022-08-16-at-06.44.06-480x360.jpeg 480w, \/content\/wp-content\/uploads\/2022\/08\/WhatsApp-Image-2022-08-16-at-06.44.06.jpeg 1600w\" sizes=\"(max-width: 1024px) 100vw, 1024px\" \/><\/a><\/figure>\n\n\n\n<figure class=\"wp-block-image size-large\"><a href=\"\/content\/wp-content\/uploads\/2022\/08\/WhatsApp-Image-2022-08-16-at-06.31.09-1.jpeg\"><img loading=\"lazy\" decoding=\"async\" width=\"1024\" height=\"768\" src=\"\/content\/wp-content\/uploads\/2022\/08\/WhatsApp-Image-2022-08-16-at-06.31.09-1-1024x768.jpeg\" alt=\"\" class=\"wp-image-1692\" srcset=\"\/content\/wp-content\/uploads\/2022\/08\/WhatsApp-Image-2022-08-16-at-06.31.09-1-1024x768.jpeg 1024w, \/content\/wp-content\/uploads\/2022\/08\/WhatsApp-Image-2022-08-16-at-06.31.09-1-300x225.jpeg 300w, \/content\/wp-content\/uploads\/2022\/08\/WhatsApp-Image-2022-08-16-at-06.31.09-1-768x576.jpeg 768w, \/content\/wp-content\/uploads\/2022\/08\/WhatsApp-Image-2022-08-16-at-06.31.09-1-1536x1152.jpeg 1536w, \/content\/wp-content\/uploads\/2022\/08\/WhatsApp-Image-2022-08-16-at-06.31.09-1-510x382.jpeg 510w, \/content\/wp-content\/uploads\/2022\/08\/WhatsApp-Image-2022-08-16-at-06.31.09-1-1080x810.jpeg 1080w, \/content\/wp-content\/uploads\/2022\/08\/WhatsApp-Image-2022-08-16-at-06.31.09-1-1280x960.jpeg 1280w, \/content\/wp-content\/uploads\/2022\/08\/WhatsApp-Image-2022-08-16-at-06.31.09-1-980x735.jpeg 980w, \/content\/wp-content\/uploads\/2022\/08\/WhatsApp-Image-2022-08-16-at-06.31.09-1-480x360.jpeg 480w, \/content\/wp-content\/uploads\/2022\/08\/WhatsApp-Image-2022-08-16-at-06.31.09-1.jpeg 1600w\" sizes=\"(max-width: 1024px) 100vw, 1024px\" \/><\/a><\/figure>\n\n\n\n<figure class=\"wp-block-image size-large\"><a href=\"\/content\/wp-content\/uploads\/2022\/08\/WhatsApp-Image-2022-08-16-at-05.21.07.jpeg\"><img loading=\"lazy\" decoding=\"async\" width=\"1024\" height=\"768\" src=\"\/content\/wp-content\/uploads\/2022\/08\/WhatsApp-Image-2022-08-16-at-05.21.07-1024x768.jpeg\" alt=\"\" class=\"wp-image-1693\" srcset=\"\/content\/wp-content\/uploads\/2022\/08\/WhatsApp-Image-2022-08-16-at-05.21.07-1024x768.jpeg 1024w, \/content\/wp-content\/uploads\/2022\/08\/WhatsApp-Image-2022-08-16-at-05.21.07-300x225.jpeg 300w, \/content\/wp-content\/uploads\/2022\/08\/WhatsApp-Image-2022-08-16-at-05.21.07-768x576.jpeg 768w, \/content\/wp-content\/uploads\/2022\/08\/WhatsApp-Image-2022-08-16-at-05.21.07-1536x1152.jpeg 1536w, \/content\/wp-content\/uploads\/2022\/08\/WhatsApp-Image-2022-08-16-at-05.21.07-510x382.jpeg 510w, \/content\/wp-content\/uploads\/2022\/08\/WhatsApp-Image-2022-08-16-at-05.21.07-1080x810.jpeg 1080w, \/content\/wp-content\/uploads\/2022\/08\/WhatsApp-Image-2022-08-16-at-05.21.07-1280x960.jpeg 1280w, \/content\/wp-content\/uploads\/2022\/08\/WhatsApp-Image-2022-08-16-at-05.21.07-980x735.jpeg 980w, \/content\/wp-content\/uploads\/2022\/08\/WhatsApp-Image-2022-08-16-at-05.21.07-480x360.jpeg 480w, \/content\/wp-content\/uploads\/2022\/08\/WhatsApp-Image-2022-08-16-at-05.21.07.jpeg 1600w\" sizes=\"(max-width: 1024px) 100vw, 1024px\" \/><\/a><\/figure>\n","protected":false},"excerpt":{"rendered":"<p>Am 15.08.2022 fand das traditionelle Feuerwehrfest der FF Prottes statt. Wir durften die Messe mit einem Quartett und den Fr\u00fchschoppen musikalisch umrahmen und konnten bei den G\u00e4sten gute Stimmung erzeugen! Danke an die FF Prottes f\u00fcr das gelungene Fest!!<\/p>\n","protected":false},"author":5,"featured_media":1693,"comment_status":"closed","ping_status":"closed","sticky":false,"template":"","format":"standard","meta":{"_et_pb_use_builder":"off","_et_pb_old_content":"","_et_gb_content_width":"","footnotes":""},"categories":[3],"tags":[],"class_list":["post-1690","post","type-post","status-publish","format-standard","has-post-thumbnail","hentry","category-news"],"_links":{"self":[{"href":"\/content\/wp-json\/wp\/v2\/posts\/1690","targetHints":{"allow":["GET"]}}],"collection":[{"href":"\/content\/wp-json\/wp\/v2\/posts"}],"about":[{"href":"\/content\/wp-json\/wp\/v2\/types\/post"}],"author":[{"embeddable":true,"href":"\/content\/wp-json\/wp\/v2\/users\/5"}],"replies":[{"embeddable":true,"href":"\/content\/wp-json\/wp\/v2\/comments?post=1690"}],"version-history":[{"count":1,"href":"\/content\/wp-json\/wp\/v2\/posts\/1690\/revisions"}],"predecessor-version":[{"id":1694,"href":"\/content\/wp-json\/wp\/v2\/posts\/1690\/revisions\/1694"}],"wp:featuredmedia":[{"embeddable":true,"href":"\/content\/wp-json\/wp\/v2\/media\/1693"}],"wp:attachment":[{"href":"\/content\/wp-json\/wp\/v2\/media?parent=1690"}],"wp:term":[{"taxonomy":"category","embeddable":true,"href":"\/content\/wp-json\/wp\/v2\/categories?post=1690"},{"taxonomy":"post_tag","embeddable":true,"href":"\/content\/wp-json\/wp\/v2\/tags?post=1690"}],"curies":[{"name":"wp","href":"https:\/\/api.w.org\/{rel}","templated":true}]}}