{"id":1861,"date":"2023-06-24T10:20:21","date_gmt":"2023-06-24T08:20:21","guid":{"rendered":"\/content\/?p=1861"},"modified":"2023-06-24T10:21:01","modified_gmt":"2023-06-24T08:21:01","slug":"tag-der-blasmusik-2023","status":"publish","type":"post","link":"\/content\/tag-der-blasmusik-2023\/","title":{"rendered":"Tag der Blasmusik 2023"},"content":{"rendered":"\n<p>Das war unser diesj\u00e4hriger Tag der Blasmusik am Festplatz am 17.Juni 2023.<\/p>\n\n\n\n<p>Wir bedanken uns bei allen G\u00e4sten sowie den zahlreichen Helferinnen die uns unterst\u00fctzt haben!<\/p>\n\n\n\n<figure class=\"wp-block-image size-full\"><a href=\"\/content\/wp-content\/uploads\/2023\/06\/347408390_1016491942712408_7418943562291826969_n.jpg\"><img loading=\"lazy\" decoding=\"async\" width=\"946\" height=\"941\" src=\"\/content\/wp-content\/uploads\/2023\/06\/347408390_1016491942712408_7418943562291826969_n.jpg\" alt=\"\" class=\"wp-image-1862\" srcset=\"\/content\/wp-content\/uploads\/2023\/06\/347408390_1016491942712408_7418943562291826969_n.jpg 946w, \/content\/wp-content\/uploads\/2023\/06\/347408390_1016491942712408_7418943562291826969_n-300x298.jpg 300w, \/content\/wp-content\/uploads\/2023\/06\/347408390_1016491942712408_7418943562291826969_n-150x150.jpg 150w, \/content\/wp-content\/uploads\/2023\/06\/347408390_1016491942712408_7418943562291826969_n-768x764.jpg 768w, \/content\/wp-content\/uploads\/2023\/06\/347408390_1016491942712408_7418943562291826969_n-480x477.jpg 480w\" sizes=\"(max-width: 946px) 100vw, 946px\" \/><\/a><\/figure>\n\n\n\n<figure class=\"wp-block-image size-full\"><a href=\"\/content\/wp-content\/uploads\/2023\/06\/355235400_1016492202712382_5898734732105532934_n.jpg\"><img loading=\"lazy\" decoding=\"async\" width=\"946\" height=\"961\" src=\"\/content\/wp-content\/uploads\/2023\/06\/355235400_1016492202712382_5898734732105532934_n.jpg\" alt=\"\" class=\"wp-image-1863\" srcset=\"\/content\/wp-content\/uploads\/2023\/06\/355235400_1016492202712382_5898734732105532934_n.jpg 946w, \/content\/wp-content\/uploads\/2023\/06\/355235400_1016492202712382_5898734732105532934_n-295x300.jpg 295w, \/content\/wp-content\/uploads\/2023\/06\/355235400_1016492202712382_5898734732105532934_n-768x780.jpg 768w, \/content\/wp-content\/uploads\/2023\/06\/355235400_1016492202712382_5898734732105532934_n-480x488.jpg 480w\" sizes=\"(max-width: 946px) 100vw, 946px\" \/><\/a><\/figure>\n\n\n\n<figure class=\"wp-block-image size-full\"><a href=\"\/content\/wp-content\/uploads\/2023\/06\/347421801_1016492009379068_3224962037665562822_n.jpg\"><img loading=\"lazy\" decoding=\"async\" width=\"946\" height=\"940\" src=\"\/content\/wp-content\/uploads\/2023\/06\/347421801_1016492009379068_3224962037665562822_n.jpg\" alt=\"\" class=\"wp-image-1864\" srcset=\"\/content\/wp-content\/uploads\/2023\/06\/347421801_1016492009379068_3224962037665562822_n.jpg 946w, \/content\/wp-content\/uploads\/2023\/06\/347421801_1016492009379068_3224962037665562822_n-300x298.jpg 300w, \/content\/wp-content\/uploads\/2023\/06\/347421801_1016492009379068_3224962037665562822_n-150x150.jpg 150w, \/content\/wp-content\/uploads\/2023\/06\/347421801_1016492009379068_3224962037665562822_n-768x763.jpg 768w, \/content\/wp-content\/uploads\/2023\/06\/347421801_1016492009379068_3224962037665562822_n-480x477.jpg 480w\" sizes=\"(max-width: 946px) 100vw, 946px\" \/><\/a><\/figure>\n\n\n\n<figure class=\"wp-block-image size-full\"><a href=\"\/content\/wp-content\/uploads\/2023\/06\/347560648_1016492049379064_6422927905974081507_n.jpg\"><img loading=\"lazy\" decoding=\"async\" width=\"945\" height=\"946\" src=\"\/content\/wp-content\/uploads\/2023\/06\/347560648_1016492049379064_6422927905974081507_n.jpg\" alt=\"\" class=\"wp-image-1865\" srcset=\"\/content\/wp-content\/uploads\/2023\/06\/347560648_1016492049379064_6422927905974081507_n.jpg 945w, \/content\/wp-content\/uploads\/2023\/06\/347560648_1016492049379064_6422927905974081507_n-300x300.jpg 300w, \/content\/wp-content\/uploads\/2023\/06\/347560648_1016492049379064_6422927905974081507_n-150x150.jpg 150w, \/content\/wp-content\/uploads\/2023\/06\/347560648_1016492049379064_6422927905974081507_n-768x769.jpg 768w, \/content\/wp-content\/uploads\/2023\/06\/347560648_1016492049379064_6422927905974081507_n-480x481.jpg 480w\" sizes=\"(max-width: 945px) 100vw, 945px\" \/><\/a><\/figure>\n","protected":false},"excerpt":{"rendered":"<p>Das war unser diesj\u00e4hriger Tag der Blasmusik am Festplatz am 17.Juni 2023. Wir bedanken uns bei allen G\u00e4sten sowie den zahlreichen Helferinnen die uns unterst\u00fctzt haben!<\/p>\n","protected":false},"author":5,"featured_media":1862,"comment_status":"closed","ping_status":"closed","sticky":false,"template":"","format":"standard","meta":{"_et_pb_use_builder":"off","_et_pb_old_content":"","_et_gb_content_width":"","footnotes":""},"categories":[3],"tags":[],"class_list":["post-1861","post","type-post","status-publish","format-standard","has-post-thumbnail","hentry","category-news"],"_links":{"self":[{"href":"\/content\/wp-json\/wp\/v2\/posts\/1861","targetHints":{"allow":["GET"]}}],"collection":[{"href":"\/content\/wp-json\/wp\/v2\/posts"}],"about":[{"href":"\/content\/wp-json\/wp\/v2\/types\/post"}],"author":[{"embeddable":true,"href":"\/content\/wp-json\/wp\/v2\/users\/5"}],"replies":[{"embeddable":true,"href":"\/content\/wp-json\/wp\/v2\/comments?post=1861"}],"version-history":[{"count":1,"href":"\/content\/wp-json\/wp\/v2\/posts\/1861\/revisions"}],"predecessor-version":[{"id":1866,"href":"\/content\/wp-json\/wp\/v2\/posts\/1861\/revisions\/1866"}],"wp:featuredmedia":[{"embeddable":true,"href":"\/content\/wp-json\/wp\/v2\/media\/1862"}],"wp:attachment":[{"href":"\/content\/wp-json\/wp\/v2\/media?parent=1861"}],"wp:term":[{"taxonomy":"category","embeddable":true,"href":"\/content\/wp-json\/wp\/v2\/categories?post=1861"},{"taxonomy":"post_tag","embeddable":true,"href":"\/content\/wp-json\/wp\/v2\/tags?post=1861"}],"curies":[{"name":"wp","href":"https:\/\/api.w.org\/{rel}","templated":true}]}}