{"id":2027,"date":"2025-09-06T12:18:32","date_gmt":"2025-09-06T10:18:32","guid":{"rendered":"\/content\/?p=2027"},"modified":"2025-09-06T12:19:37","modified_gmt":"2025-09-06T10:19:37","slug":"fronleichnam-und-sportfest-beim-sc-prottes","status":"publish","type":"post","link":"\/content\/fronleichnam-und-sportfest-beim-sc-prottes\/","title":{"rendered":"Fronleichnam und Sportfest beim SC Prottes"},"content":{"rendered":"\n<p>Die allj\u00e4hrliche Fronleichnam Prozession durften wir musikalisch untermalen und anschlie\u00dfend ging es zum Fr\u00fchschoppen des SC Prottes am Fu\u00dfballplatz.<\/p>\n\n\n\n<figure class=\"wp-block-image size-large\"><a href=\"\/content\/wp-content\/uploads\/2025\/09\/WhatsApp-Bild-2025-09-06-um-11.21.51_dd2dbd75.jpg\"><img loading=\"lazy\" decoding=\"async\" width=\"1024\" height=\"473\" src=\"\/content\/wp-content\/uploads\/2025\/09\/WhatsApp-Bild-2025-09-06-um-11.21.51_dd2dbd75-1024x473.jpg\" alt=\"\" class=\"wp-image-2025\" srcset=\"\/content\/wp-content\/uploads\/2025\/09\/WhatsApp-Bild-2025-09-06-um-11.21.51_dd2dbd75-1024x473.jpg 1024w, \/content\/wp-content\/uploads\/2025\/09\/WhatsApp-Bild-2025-09-06-um-11.21.51_dd2dbd75-300x139.jpg 300w, \/content\/wp-content\/uploads\/2025\/09\/WhatsApp-Bild-2025-09-06-um-11.21.51_dd2dbd75-768x355.jpg 768w, \/content\/wp-content\/uploads\/2025\/09\/WhatsApp-Bild-2025-09-06-um-11.21.51_dd2dbd75-1536x710.jpg 1536w, \/content\/wp-content\/uploads\/2025\/09\/WhatsApp-Bild-2025-09-06-um-11.21.51_dd2dbd75-1080x499.jpg 1080w, \/content\/wp-content\/uploads\/2025\/09\/WhatsApp-Bild-2025-09-06-um-11.21.51_dd2dbd75-1280x591.jpg 1280w, \/content\/wp-content\/uploads\/2025\/09\/WhatsApp-Bild-2025-09-06-um-11.21.51_dd2dbd75-980x453.jpg 980w, \/content\/wp-content\/uploads\/2025\/09\/WhatsApp-Bild-2025-09-06-um-11.21.51_dd2dbd75-480x222.jpg 480w, \/content\/wp-content\/uploads\/2025\/09\/WhatsApp-Bild-2025-09-06-um-11.21.51_dd2dbd75-648x300.jpg 648w, \/content\/wp-content\/uploads\/2025\/09\/WhatsApp-Bild-2025-09-06-um-11.21.51_dd2dbd75.jpg 2000w\" sizes=\"(max-width: 1024px) 100vw, 1024px\" \/><\/a><\/figure>\n","protected":false},"excerpt":{"rendered":"<p>Die allj\u00e4hrliche Fronleichnam Prozession durften wir musikalisch untermalen und anschlie\u00dfend ging es zum Fr\u00fchschoppen des SC Prottes am Fu\u00dfballplatz.<\/p>\n","protected":false},"author":5,"featured_media":2026,"comment_status":"closed","ping_status":"closed","sticky":false,"template":"","format":"standard","meta":{"_et_pb_use_builder":"off","_et_pb_old_content":"","_et_gb_content_width":"","footnotes":""},"categories":[3],"tags":[],"class_list":["post-2027","post","type-post","status-publish","format-standard","has-post-thumbnail","hentry","category-news"],"_links":{"self":[{"href":"\/content\/wp-json\/wp\/v2\/posts\/2027","targetHints":{"allow":["GET"]}}],"collection":[{"href":"\/content\/wp-json\/wp\/v2\/posts"}],"about":[{"href":"\/content\/wp-json\/wp\/v2\/types\/post"}],"author":[{"embeddable":true,"href":"\/content\/wp-json\/wp\/v2\/users\/5"}],"replies":[{"embeddable":true,"href":"\/content\/wp-json\/wp\/v2\/comments?post=2027"}],"version-history":[{"count":2,"href":"\/content\/wp-json\/wp\/v2\/posts\/2027\/revisions"}],"predecessor-version":[{"id":2030,"href":"\/content\/wp-json\/wp\/v2\/posts\/2027\/revisions\/2030"}],"wp:featuredmedia":[{"embeddable":true,"href":"\/content\/wp-json\/wp\/v2\/media\/2026"}],"wp:attachment":[{"href":"\/content\/wp-json\/wp\/v2\/media?parent=2027"}],"wp:term":[{"taxonomy":"category","embeddable":true,"href":"\/content\/wp-json\/wp\/v2\/categories?post=2027"},{"taxonomy":"post_tag","embeddable":true,"href":"\/content\/wp-json\/wp\/v2\/tags?post=2027"}],"curies":[{"name":"wp","href":"https:\/\/api.w.org\/{rel}","templated":true}]}}