{"id":546,"date":"2015-10-25T17:58:01","date_gmt":"2015-10-25T16:58:01","guid":{"rendered":"\/content\/?p=546"},"modified":"2016-03-22T13:47:33","modified_gmt":"2016-03-22T12:47:33","slug":"orf-radio-noe-fruehschoppen","status":"publish","type":"post","link":"\/content\/orf-radio-noe-fruehschoppen\/","title":{"rendered":"ORF Radio N\u00d6 Fr\u00fchschoppen"},"content":{"rendered":"<p>Am 13.09.2015 spielten wir und ein Quintett der BOKU Blaskapelle den Radio &#8211; N\u00d6 Fr\u00fchschoppen zur Feier 900 Jahre Prottes im Festzelt mit dem Moderator Hannes Wolfsbauer und als Ehrengast LH Erwin Pr\u00f6ll. Das Zelt war Randvoll und die Stimmung war gro\u00dfartig!<\/p>\n<p><a href=\"\/content\/wp-content\/uploads\/2015\/10\/900-MV-1.jpg\"><img loading=\"lazy\" decoding=\"async\" class=\"alignnone size-medium wp-image-550\" src=\"\/content\/wp-content\/uploads\/2015\/10\/900-MV-1-300x200.jpg\" alt=\"900 MV 1\" width=\"300\" height=\"200\" srcset=\"\/content\/wp-content\/uploads\/2015\/10\/900-MV-1-300x200.jpg 300w, \/content\/wp-content\/uploads\/2015\/10\/900-MV-1-120x80.jpg 120w, \/content\/wp-content\/uploads\/2015\/10\/900-MV-1.jpg 810w\" sizes=\"(max-width: 300px) 100vw, 300px\" \/><\/a> <a href=\"\/content\/wp-content\/uploads\/2015\/10\/900-MV.jpg\"><img loading=\"lazy\" decoding=\"async\" class=\"size-medium wp-image-551 alignright\" src=\"\/content\/wp-content\/uploads\/2015\/10\/900-MV-300x200.jpg\" alt=\"900 MV\" width=\"300\" height=\"200\" srcset=\"\/content\/wp-content\/uploads\/2015\/10\/900-MV-300x200.jpg 300w, \/content\/wp-content\/uploads\/2015\/10\/900-MV-120x80.jpg 120w, \/content\/wp-content\/uploads\/2015\/10\/900-MV.jpg 810w\" sizes=\"(max-width: 300px) 100vw, 300px\" \/><\/a> <a href=\"\/content\/wp-content\/uploads\/2015\/10\/900-Zelt.jpg\"><img loading=\"lazy\" decoding=\"async\" class=\"size-medium wp-image-552 alignleft\" src=\"\/content\/wp-content\/uploads\/2015\/10\/900-Zelt-300x200.jpg\" alt=\"900 Zelt\" width=\"300\" height=\"200\" srcset=\"\/content\/wp-content\/uploads\/2015\/10\/900-Zelt-300x200.jpg 300w, \/content\/wp-content\/uploads\/2015\/10\/900-Zelt-120x80.jpg 120w, \/content\/wp-content\/uploads\/2015\/10\/900-Zelt.jpg 810w\" sizes=\"(max-width: 300px) 100vw, 300px\" \/><\/a> <a href=\"\/content\/wp-content\/uploads\/2015\/10\/118445_900_jahre_prottes_thumb.jpg\"><img loading=\"lazy\" decoding=\"async\" class=\"wp-image-547 alignright\" src=\"\/content\/wp-content\/uploads\/2015\/10\/118445_900_jahre_prottes_thumb.jpg\" alt=\"118445_900_jahre_prottes_thumb\" width=\"280\" height=\"198\" \/><\/a><\/p>\n<div style=\"clear: both;\"><\/div>\n","protected":false},"excerpt":{"rendered":"<p>Am 13.09.2015 spielten wir und ein Quintett der BOKU Blaskapelle den Radio &#8211; N\u00d6 Fr\u00fchschoppen zur Feier 900 Jahre Prottes im Festzelt mit dem Moderator Hannes Wolfsbauer und als Ehrengast LH Erwin Pr\u00f6ll. Das Zelt war Randvoll und die Stimmung war gro\u00dfartig!<\/p>\n","protected":false},"author":5,"featured_media":0,"comment_status":"open","ping_status":"open","sticky":false,"template":"","format":"standard","meta":{"_et_pb_use_builder":"","_et_pb_old_content":"","_et_gb_content_width":"","footnotes":""},"categories":[6],"tags":[],"class_list":["post-546","post","type-post","status-publish","format-standard","hentry","category-chronik"],"_links":{"self":[{"href":"\/content\/wp-json\/wp\/v2\/posts\/546","targetHints":{"allow":["GET"]}}],"collection":[{"href":"\/content\/wp-json\/wp\/v2\/posts"}],"about":[{"href":"\/content\/wp-json\/wp\/v2\/types\/post"}],"author":[{"embeddable":true,"href":"\/content\/wp-json\/wp\/v2\/users\/5"}],"replies":[{"embeddable":true,"href":"\/content\/wp-json\/wp\/v2\/comments?post=546"}],"version-history":[{"count":19,"href":"\/content\/wp-json\/wp\/v2\/posts\/546\/revisions"}],"predecessor-version":[{"id":609,"href":"\/content\/wp-json\/wp\/v2\/posts\/546\/revisions\/609"}],"wp:attachment":[{"href":"\/content\/wp-json\/wp\/v2\/media?parent=546"}],"wp:term":[{"taxonomy":"category","embeddable":true,"href":"\/content\/wp-json\/wp\/v2\/categories?post=546"},{"taxonomy":"post_tag","embeddable":true,"href":"\/content\/wp-json\/wp\/v2\/tags?post=546"}],"curies":[{"name":"wp","href":"https:\/\/api.w.org\/{rel}","templated":true}]}}