{"id":590,"date":"2016-03-11T13:47:05","date_gmt":"2016-03-11T12:47:05","guid":{"rendered":"\/content\/?p=590"},"modified":"2016-08-28T09:36:57","modified_gmt":"2016-08-28T07:36:57","slug":"obmann-wechsel","status":"publish","type":"post","link":"\/content\/obmann-wechsel\/","title":{"rendered":"Obmann wechsel!"},"content":{"rendered":"<p>Da Alexander K\u00f6llner im J\u00e4nner seinen R\u00fccktritt als Obmann bekannt gab, waren wir gezwungen Ersatz f\u00fcr ihn zu suchen.<\/p>\n<p>Nach einer Mitgliederversammlung stellte sich Verena Neugebauer als neue Obfrau zur Verf\u00fcgung!<\/p>\n<p>Wir danken Alexander f\u00fcr seine langj\u00e4hrige T\u00e4tigkeit als Obmann!<\/p>\n<p style=\"text-align: center;\"><a href=\"\/content\/wp-content\/uploads\/2016\/03\/DSC_0040.jpg\" rel=\"attachment wp-att-591\"><img loading=\"lazy\" decoding=\"async\" class=\"alignnone size-medium wp-image-591\" src=\"\/content\/wp-content\/uploads\/2016\/03\/DSC_0040-300x169.jpg\" alt=\"DSC_0040\" width=\"300\" height=\"169\" srcset=\"\/content\/wp-content\/uploads\/2016\/03\/DSC_0040-300x169.jpg 300w, \/content\/wp-content\/uploads\/2016\/03\/DSC_0040-768x432.jpg 768w, \/content\/wp-content\/uploads\/2016\/03\/DSC_0040-1024x576.jpg 1024w\" sizes=\"(max-width: 300px) 100vw, 300px\" \/><\/a><\/p>\n","protected":false},"excerpt":{"rendered":"<p>Da Alexander K\u00f6llner im J\u00e4nner seinen R\u00fccktritt als Obmann bekannt gab, waren wir gezwungen Ersatz f\u00fcr ihn zu suchen. Nach einer Mitgliederversammlung stellte sich Verena Neugebauer als neue Obfrau zur Verf\u00fcgung! Wir danken Alexander f\u00fcr seine langj\u00e4hrige T\u00e4tigkeit als Obmann!<\/p>\n","protected":false},"author":5,"featured_media":0,"comment_status":"open","ping_status":"open","sticky":false,"template":"","format":"standard","meta":{"_et_pb_use_builder":"","_et_pb_old_content":"","_et_gb_content_width":"","footnotes":""},"categories":[6],"tags":[],"class_list":["post-590","post","type-post","status-publish","format-standard","hentry","category-chronik"],"_links":{"self":[{"href":"\/content\/wp-json\/wp\/v2\/posts\/590","targetHints":{"allow":["GET"]}}],"collection":[{"href":"\/content\/wp-json\/wp\/v2\/posts"}],"about":[{"href":"\/content\/wp-json\/wp\/v2\/types\/post"}],"author":[{"embeddable":true,"href":"\/content\/wp-json\/wp\/v2\/users\/5"}],"replies":[{"embeddable":true,"href":"\/content\/wp-json\/wp\/v2\/comments?post=590"}],"version-history":[{"count":2,"href":"\/content\/wp-json\/wp\/v2\/posts\/590\/revisions"}],"predecessor-version":[{"id":593,"href":"\/content\/wp-json\/wp\/v2\/posts\/590\/revisions\/593"}],"wp:attachment":[{"href":"\/content\/wp-json\/wp\/v2\/media?parent=590"}],"wp:term":[{"taxonomy":"category","embeddable":true,"href":"\/content\/wp-json\/wp\/v2\/categories?post=590"},{"taxonomy":"post_tag","embeddable":true,"href":"\/content\/wp-json\/wp\/v2\/tags?post=590"}],"curies":[{"name":"wp","href":"https:\/\/api.w.org\/{rel}","templated":true}]}}