{"id":625,"date":"2016-08-28T09:13:22","date_gmt":"2016-08-28T07:13:22","guid":{"rendered":"\/content\/?p=625"},"modified":"2016-09-28T09:10:51","modified_gmt":"2016-09-28T07:10:51","slug":"ableben-von-frau-bgm-christa-eichinger","status":"publish","type":"post","link":"\/content\/ableben-von-frau-bgm-christa-eichinger\/","title":{"rendered":"Ableben von Frau BGM Christa Eichinger"},"content":{"rendered":"<p style=\"text-align: center;\">In tiefer Trauer geben wir bekannt, dass Frau B\u00fcrgermeister Christa Eichinger im 62. Lebensjahr aus unserer Gemeinschaft abberufen wurde. Unsere Frau B\u00fcrgermeister war stets eine wichtige St\u00fctze unseres Musikvereins. Unser tief empfundenes Mitgef\u00fchl gilt ihrer gesamten Familie.<\/p>\n<p><img decoding=\"async\" src=\"http:\/\/www.feuerwehr-prottes.at\/cms2\/images\/content\/news\/parte_eichinger.jpg\" alt=\"\" \/><\/p>\n","protected":false},"excerpt":{"rendered":"<p>In tiefer Trauer geben wir bekannt, dass Frau B\u00fcrgermeister Christa Eichinger im 62. Lebensjahr aus unserer Gemeinschaft abberufen wurde. Unsere Frau B\u00fcrgermeister war stets eine wichtige St\u00fctze unseres Musikvereins. Unser tief empfundenes Mitgef\u00fchl gilt ihrer gesamten Familie.<\/p>\n","protected":false},"author":5,"featured_media":0,"comment_status":"open","ping_status":"open","sticky":false,"template":"","format":"standard","meta":{"_et_pb_use_builder":"","_et_pb_old_content":"","_et_gb_content_width":"","footnotes":""},"categories":[6],"tags":[],"class_list":["post-625","post","type-post","status-publish","format-standard","hentry","category-chronik"],"_links":{"self":[{"href":"\/content\/wp-json\/wp\/v2\/posts\/625","targetHints":{"allow":["GET"]}}],"collection":[{"href":"\/content\/wp-json\/wp\/v2\/posts"}],"about":[{"href":"\/content\/wp-json\/wp\/v2\/types\/post"}],"author":[{"embeddable":true,"href":"\/content\/wp-json\/wp\/v2\/users\/5"}],"replies":[{"embeddable":true,"href":"\/content\/wp-json\/wp\/v2\/comments?post=625"}],"version-history":[{"count":3,"href":"\/content\/wp-json\/wp\/v2\/posts\/625\/revisions"}],"predecessor-version":[{"id":634,"href":"\/content\/wp-json\/wp\/v2\/posts\/625\/revisions\/634"}],"wp:attachment":[{"href":"\/content\/wp-json\/wp\/v2\/media?parent=625"}],"wp:term":[{"taxonomy":"category","embeddable":true,"href":"\/content\/wp-json\/wp\/v2\/categories?post=625"},{"taxonomy":"post_tag","embeddable":true,"href":"\/content\/wp-json\/wp\/v2\/tags?post=625"}],"curies":[{"name":"wp","href":"https:\/\/api.w.org\/{rel}","templated":true}]}}