{"id":664,"date":"2017-08-11T14:31:24","date_gmt":"2017-08-11T12:31:24","guid":{"rendered":"\/content\/?p=664"},"modified":"2018-01-06T15:50:33","modified_gmt":"2018-01-06T14:50:33","slug":"ableben-hermann-demmer","status":"publish","type":"post","link":"\/content\/ableben-hermann-demmer\/","title":{"rendered":"Ableben Hermann Demmer"},"content":{"rendered":"<p>&nbsp;<\/p>\n<p style=\"text-align: center;\"><a href=\"\/content\/wp-content\/uploads\/2013\/02\/MG_0009.jpg\" rel=\"attachment wp-att-263\"><img loading=\"lazy\" decoding=\"async\" class=\"alignnone size-medium wp-image-263\" src=\"\/content\/wp-content\/uploads\/2013\/02\/MG_0009-201x300.jpg\" alt=\"_MG_0009\" width=\"201\" height=\"300\" srcset=\"\/content\/wp-content\/uploads\/2013\/02\/MG_0009-201x300.jpg 201w, \/content\/wp-content\/uploads\/2013\/02\/MG_0009-687x1024.jpg 687w, \/content\/wp-content\/uploads\/2013\/02\/MG_0009.jpg 2017w\" sizes=\"(max-width: 201px) 100vw, 201px\" \/><\/a><\/p>\n<p style=\"text-align: center;\">In Trauer wollen wir auf diesem Weg die Nachricht vom Ableben unseres Musikkameraden Hermann Demmer bekanntgeben. Hermann war seit der Gr\u00fcndung Mitglied des MV Prottes und hat sich in der Vergangenheit auch als Stabf\u00fchrer und Obmann f\u00fcr unseren Verein eingesetzt. Am 19. August werden wir uns mit feierlichem Requiem von ihm verabschieden.<\/p>\n","protected":false},"excerpt":{"rendered":"<p>&nbsp; In Trauer wollen wir auf diesem Weg die Nachricht vom Ableben unseres Musikkameraden Hermann Demmer bekanntgeben. Hermann war seit der Gr\u00fcndung Mitglied des MV Prottes und hat sich in der Vergangenheit auch als Stabf\u00fchrer und Obmann f\u00fcr unseren Verein eingesetzt. Am 19. August werden wir uns mit feierlichem Requiem von ihm verabschieden.<\/p>\n","protected":false},"author":5,"featured_media":0,"comment_status":"open","ping_status":"open","sticky":false,"template":"","format":"standard","meta":{"_et_pb_use_builder":"","_et_pb_old_content":"","_et_gb_content_width":"","footnotes":""},"categories":[6],"tags":[],"class_list":["post-664","post","type-post","status-publish","format-standard","hentry","category-chronik"],"_links":{"self":[{"href":"\/content\/wp-json\/wp\/v2\/posts\/664","targetHints":{"allow":["GET"]}}],"collection":[{"href":"\/content\/wp-json\/wp\/v2\/posts"}],"about":[{"href":"\/content\/wp-json\/wp\/v2\/types\/post"}],"author":[{"embeddable":true,"href":"\/content\/wp-json\/wp\/v2\/users\/5"}],"replies":[{"embeddable":true,"href":"\/content\/wp-json\/wp\/v2\/comments?post=664"}],"version-history":[{"count":1,"href":"\/content\/wp-json\/wp\/v2\/posts\/664\/revisions"}],"predecessor-version":[{"id":665,"href":"\/content\/wp-json\/wp\/v2\/posts\/664\/revisions\/665"}],"wp:attachment":[{"href":"\/content\/wp-json\/wp\/v2\/media?parent=664"}],"wp:term":[{"taxonomy":"category","embeddable":true,"href":"\/content\/wp-json\/wp\/v2\/categories?post=664"},{"taxonomy":"post_tag","embeddable":true,"href":"\/content\/wp-json\/wp\/v2\/tags?post=664"}],"curies":[{"name":"wp","href":"https:\/\/api.w.org\/{rel}","templated":true}]}}