{"id":677,"date":"2017-10-08T20:54:01","date_gmt":"2017-10-08T18:54:01","guid":{"rendered":"\/content\/?p=677"},"modified":"2018-01-06T15:51:59","modified_gmt":"2018-01-06T14:51:59","slug":"677-2","status":"publish","type":"post","link":"\/content\/677-2\/","title":{"rendered":"Marschmusikbewertung 2017"},"content":{"rendered":"<p style=\"text-align: center;\">Bei der heurigen Bezirksmarschmusikbewertung in \u00a0 \u00a0 \u00a0 \u00a0 \u00a0 \u00a0 \u00a0 \u00a0 \u00a0 \u00a0 \u00a0 \u00a0Velm G\u00f6tzendorf wurde allen anwesenden Kapellen ein <span style=\"text-decoration: underline;\">ausgezeichneter Erfolg<\/span> \u00fcberreicht! Leider fiel die Bewertung wegen Regen Wort w\u00f6rtlich ins Wasser!<\/p>\n<p style=\"text-align: center;\">Im Festzelt pr\u00e4sentierte\u00a0jeder Verein sein St\u00fcck bis anschlie\u00dfend die Urkunden \u00fcberreicht wurden.<\/p>\n<p style=\"text-align: center;\"><a href=\"\/content\/wp-content\/uploads\/2017\/10\/DSC_0170.jpg\" rel=\"attachment wp-att-684\"><img loading=\"lazy\" decoding=\"async\" class=\"alignnone size-medium wp-image-684\" src=\"\/content\/wp-content\/uploads\/2017\/10\/DSC_0170-300x169.jpg\" alt=\"DSC_0170\" width=\"300\" height=\"169\" srcset=\"\/content\/wp-content\/uploads\/2017\/10\/DSC_0170-300x169.jpg 300w, \/content\/wp-content\/uploads\/2017\/10\/DSC_0170-768x432.jpg 768w, \/content\/wp-content\/uploads\/2017\/10\/DSC_0170-1024x576.jpg 1024w\" sizes=\"(max-width: 300px) 100vw, 300px\" \/><\/a><a href=\"\/content\/wp-content\/uploads\/2017\/10\/DSC_0180.jpg\" rel=\"attachment wp-att-681\"><img loading=\"lazy\" decoding=\"async\" class=\"alignnone size-medium wp-image-681\" src=\"\/content\/wp-content\/uploads\/2017\/10\/DSC_0180-300x169.jpg\" alt=\"DSC_0180\" width=\"300\" height=\"169\" srcset=\"\/content\/wp-content\/uploads\/2017\/10\/DSC_0180-300x169.jpg 300w, \/content\/wp-content\/uploads\/2017\/10\/DSC_0180-768x432.jpg 768w, \/content\/wp-content\/uploads\/2017\/10\/DSC_0180-1024x576.jpg 1024w\" sizes=\"(max-width: 300px) 100vw, 300px\" \/><\/a><a href=\"\/content\/wp-content\/uploads\/2017\/10\/DSC_0172.jpg\" rel=\"attachment wp-att-683\"><img loading=\"lazy\" decoding=\"async\" class=\"alignnone size-medium wp-image-683\" src=\"\/content\/wp-content\/uploads\/2017\/10\/DSC_0172-300x169.jpg\" alt=\"DSC_0172\" width=\"300\" height=\"169\" srcset=\"\/content\/wp-content\/uploads\/2017\/10\/DSC_0172-300x169.jpg 300w, \/content\/wp-content\/uploads\/2017\/10\/DSC_0172-768x432.jpg 768w, \/content\/wp-content\/uploads\/2017\/10\/DSC_0172-1024x576.jpg 1024w\" sizes=\"(max-width: 300px) 100vw, 300px\" \/><\/a><\/p>\n","protected":false},"excerpt":{"rendered":"<p>Bei der heurigen Bezirksmarschmusikbewertung in \u00a0 \u00a0 \u00a0 \u00a0 \u00a0 \u00a0 \u00a0 \u00a0 \u00a0 \u00a0 \u00a0 \u00a0Velm G\u00f6tzendorf wurde allen anwesenden Kapellen ein ausgezeichneter Erfolg \u00fcberreicht! Leider fiel die Bewertung wegen Regen Wort w\u00f6rtlich ins Wasser! Im Festzelt pr\u00e4sentierte\u00a0jeder Verein sein St\u00fcck bis anschlie\u00dfend die Urkunden \u00fcberreicht wurden.<\/p>\n","protected":false},"author":5,"featured_media":0,"comment_status":"open","ping_status":"open","sticky":false,"template":"","format":"standard","meta":{"_et_pb_use_builder":"","_et_pb_old_content":"","_et_gb_content_width":"","footnotes":""},"categories":[6],"tags":[],"class_list":["post-677","post","type-post","status-publish","format-standard","hentry","category-chronik"],"_links":{"self":[{"href":"\/content\/wp-json\/wp\/v2\/posts\/677","targetHints":{"allow":["GET"]}}],"collection":[{"href":"\/content\/wp-json\/wp\/v2\/posts"}],"about":[{"href":"\/content\/wp-json\/wp\/v2\/types\/post"}],"author":[{"embeddable":true,"href":"\/content\/wp-json\/wp\/v2\/users\/5"}],"replies":[{"embeddable":true,"href":"\/content\/wp-json\/wp\/v2\/comments?post=677"}],"version-history":[{"count":2,"href":"\/content\/wp-json\/wp\/v2\/posts\/677\/revisions"}],"predecessor-version":[{"id":698,"href":"\/content\/wp-json\/wp\/v2\/posts\/677\/revisions\/698"}],"wp:attachment":[{"href":"\/content\/wp-json\/wp\/v2\/media?parent=677"}],"wp:term":[{"taxonomy":"category","embeddable":true,"href":"\/content\/wp-json\/wp\/v2\/categories?post=677"},{"taxonomy":"post_tag","embeddable":true,"href":"\/content\/wp-json\/wp\/v2\/tags?post=677"}],"curies":[{"name":"wp","href":"https:\/\/api.w.org\/{rel}","templated":true}]}}