{"id":727,"date":"2018-05-28T13:35:10","date_gmt":"2018-05-28T11:35:10","guid":{"rendered":"\/content\/?p=727"},"modified":"2018-09-17T20:40:04","modified_gmt":"2018-09-17T18:40:04","slug":"tag-der-blasmusik","status":"publish","type":"post","link":"\/content\/tag-der-blasmusik\/","title":{"rendered":"Tag der Blasmusik"},"content":{"rendered":"<p style=\"text-align: center;\">Am 26.05.2018 fand unser allj\u00e4hrlicher Tag der Blasmusik statt! Wir fuhren mit Traktor und Anh\u00e4nger durch den Ort und spielten der Bev\u00f6lkerung unsere sch\u00f6nsten St\u00fccke. Der Wetter Gott war sehr gn\u00e4dig und heizte uns kr\u00e4ftig ein!<\/p>\n<p><a href=\"\/content\/wp-content\/uploads\/2018\/05\/33580883_2032485753745363_1879473522611322880_o.jpg\"><img loading=\"lazy\" decoding=\"async\" class=\"size-medium wp-image-726 aligncenter\" src=\"\/content\/wp-content\/uploads\/2018\/05\/33580883_2032485753745363_1879473522611322880_o-300x169.jpg\" alt=\"\" width=\"300\" height=\"169\" srcset=\"\/content\/wp-content\/uploads\/2018\/05\/33580883_2032485753745363_1879473522611322880_o-300x169.jpg 300w, \/content\/wp-content\/uploads\/2018\/05\/33580883_2032485753745363_1879473522611322880_o-768x431.jpg 768w, \/content\/wp-content\/uploads\/2018\/05\/33580883_2032485753745363_1879473522611322880_o-1024x575.jpg 1024w, \/content\/wp-content\/uploads\/2018\/05\/33580883_2032485753745363_1879473522611322880_o.jpg 1440w\" sizes=\"(max-width: 300px) 100vw, 300px\" \/><\/a><a href=\"\/content\/wp-content\/uploads\/2018\/05\/IMG-20180526-WA0003.jpg\"><img loading=\"lazy\" decoding=\"async\" class=\" wp-image-732 aligncenter\" src=\"\/content\/wp-content\/uploads\/2018\/05\/IMG-20180526-WA0003-300x169.jpg\" alt=\"\" width=\"296\" height=\"167\" srcset=\"\/content\/wp-content\/uploads\/2018\/05\/IMG-20180526-WA0003-300x169.jpg 300w, \/content\/wp-content\/uploads\/2018\/05\/IMG-20180526-WA0003-768x432.jpg 768w, \/content\/wp-content\/uploads\/2018\/05\/IMG-20180526-WA0003-1024x576.jpg 1024w, \/content\/wp-content\/uploads\/2018\/05\/IMG-20180526-WA0003.jpg 1599w\" sizes=\"(max-width: 296px) 100vw, 296px\" \/><\/a><a href=\"\/content\/wp-content\/uploads\/2018\/05\/IMG-20180526-WA0004.jpg\"><img loading=\"lazy\" decoding=\"async\" class=\"wp-image-731 aligncenter\" src=\"\/content\/wp-content\/uploads\/2018\/05\/IMG-20180526-WA0004-300x169.jpg\" alt=\"\" width=\"294\" height=\"166\" srcset=\"\/content\/wp-content\/uploads\/2018\/05\/IMG-20180526-WA0004-300x169.jpg 300w, \/content\/wp-content\/uploads\/2018\/05\/IMG-20180526-WA0004-768x432.jpg 768w, \/content\/wp-content\/uploads\/2018\/05\/IMG-20180526-WA0004-1024x576.jpg 1024w, \/content\/wp-content\/uploads\/2018\/05\/IMG-20180526-WA0004.jpg 1599w\" sizes=\"(max-width: 294px) 100vw, 294px\" \/><\/a><\/p>\n<p><a href=\"\/content\/wp-content\/uploads\/2018\/05\/DSC_0310-e1527605688461.jpg\"><img loading=\"lazy\" decoding=\"async\" class=\"wp-image-725 aligncenter\" src=\"\/content\/wp-content\/uploads\/2018\/05\/DSC_0310-e1527605688461-169x300.jpg\" alt=\"\" width=\"131\" height=\"233\" srcset=\"\/content\/wp-content\/uploads\/2018\/05\/DSC_0310-e1527605688461-169x300.jpg 169w, \/content\/wp-content\/uploads\/2018\/05\/DSC_0310-e1527605688461-768x1365.jpg 768w, \/content\/wp-content\/uploads\/2018\/05\/DSC_0310-e1527605688461-576x1024.jpg 576w\" sizes=\"(max-width: 131px) 100vw, 131px\" \/><\/a><\/p>\n","protected":false},"excerpt":{"rendered":"<p>Am 26.05.2018 fand unser allj\u00e4hrlicher Tag der Blasmusik statt! Wir fuhren mit Traktor und Anh\u00e4nger durch den Ort und spielten der Bev\u00f6lkerung unsere sch\u00f6nsten St\u00fccke. Der Wetter Gott war sehr gn\u00e4dig und heizte uns kr\u00e4ftig ein!<\/p>\n","protected":false},"author":5,"featured_media":0,"comment_status":"open","ping_status":"open","sticky":false,"template":"","format":"standard","meta":{"_et_pb_use_builder":"","_et_pb_old_content":"","_et_gb_content_width":"","footnotes":""},"categories":[6],"tags":[],"class_list":["post-727","post","type-post","status-publish","format-standard","hentry","category-chronik"],"_links":{"self":[{"href":"\/content\/wp-json\/wp\/v2\/posts\/727","targetHints":{"allow":["GET"]}}],"collection":[{"href":"\/content\/wp-json\/wp\/v2\/posts"}],"about":[{"href":"\/content\/wp-json\/wp\/v2\/types\/post"}],"author":[{"embeddable":true,"href":"\/content\/wp-json\/wp\/v2\/users\/5"}],"replies":[{"embeddable":true,"href":"\/content\/wp-json\/wp\/v2\/comments?post=727"}],"version-history":[{"count":4,"href":"\/content\/wp-json\/wp\/v2\/posts\/727\/revisions"}],"predecessor-version":[{"id":734,"href":"\/content\/wp-json\/wp\/v2\/posts\/727\/revisions\/734"}],"wp:attachment":[{"href":"\/content\/wp-json\/wp\/v2\/media?parent=727"}],"wp:term":[{"taxonomy":"category","embeddable":true,"href":"\/content\/wp-json\/wp\/v2\/categories?post=727"},{"taxonomy":"post_tag","embeddable":true,"href":"\/content\/wp-json\/wp\/v2\/tags?post=727"}],"curies":[{"name":"wp","href":"https:\/\/api.w.org\/{rel}","templated":true}]}}